{"id":1187,"date":"2019-03-17T19:39:43","date_gmt":"2019-03-17T18:39:43","guid":{"rendered":"https:\/\/schule-sad.de\/?p=1187"},"modified":"2019-03-18T19:59:40","modified_gmt":"2019-03-18T18:59:40","slug":"kreativer-workshop-patrick-wirbeleit-zu-besuch-in-sad","status":"publish","type":"post","link":"https:\/\/schule-sad.de\/?p=1187","title":{"rendered":"Kreativer Workshop \u2013 Patrick Wirbeleit zu Besuch in SAD"},"content":{"rendered":"\n<p>Am 11.03.2019 stattete der Illustrator und Comicautor Patrick Wirbeleit,\nder bereits mehrfach f\u00fcr seine Comicreihe \u201eKiste\u201c ausgezeichnet wurde, den\nDritt- und Viertkl\u00e4sslern der Grund- und Gemeinschaftsschule Schacht-Audorf\neinen Besuch ab. Gemeinsam f\u00fchrte er mit ihnen einen Workshop zur Gestaltung\neines Comics durchzuf\u00fchren.<\/p>\n\n\n\n<div class=\"wp-block-image\"><figure class=\"aligncenter is-resized\"><img loading=\"lazy\" decoding=\"async\" src=\"https:\/\/schule-sad.de\/wp-content\/uploads\/2019\/03\/Comiczeichnen1.jpg\" alt=\"\" class=\"wp-image-1188\" width=\"458\" height=\"349\" srcset=\"https:\/\/schule-sad.de\/wp-content\/uploads\/2019\/03\/Comiczeichnen1.jpg 807w, https:\/\/schule-sad.de\/wp-content\/uploads\/2019\/03\/Comiczeichnen1-300x229.jpg 300w, https:\/\/schule-sad.de\/wp-content\/uploads\/2019\/03\/Comiczeichnen1-768x585.jpg 768w\" sizes=\"auto, (max-width: 458px) 100vw, 458px\" \/><\/figure><\/div>\n\n\n\n<p>In einer Doppelstunde las er zun\u00e4chst aus seinem eigenen Buch vor und\nerweckte so das Interesse der Kinder. <\/p>\n\n\n\n<p>Nach der Lesung gibt es endlich Antworten auf die\ngro\u00dfen Geheimnisse einer guten Comicgeschichte. Wie stellt sich Zeit im Comic\ndar? Und was passiert eigentlich zwischen den Bildern?&nbsp;Diese wurden im\nAnschluss gemeinsam mit Patrick Wirbeleit erarbeitet und praktisch umgesetzt,\nder bei dieser Gelegenheit auch die kleinen Geheimnisse l\u00fcftet:&nbsp;Wie\nzeichnet man Gesichtsausdr\u00fccke? Oder: Wie ordne ich die Sprechblasen im Bild\nan?<\/p>\n\n\n\n<div class=\"wp-block-image\"><figure class=\"aligncenter is-resized\"><img loading=\"lazy\" decoding=\"async\" src=\"https:\/\/schule-sad.de\/wp-content\/uploads\/2019\/03\/Comiczeichnen3.jpg\" alt=\"\" class=\"wp-image-1190\" width=\"475\" height=\"602\" srcset=\"https:\/\/schule-sad.de\/wp-content\/uploads\/2019\/03\/Comiczeichnen3.jpg 622w, https:\/\/schule-sad.de\/wp-content\/uploads\/2019\/03\/Comiczeichnen3-237x300.jpg 237w\" sizes=\"auto, (max-width: 475px) 100vw, 475px\" \/><\/figure><\/div>\n\n\n\n<p>Alle Sch\u00fclerinnen und Sch\u00fcler waren eifrig dabei und berichteten, dass sie gerne noch mehr Zeit gehabt h\u00e4tten, um einen eigenen Comic zu gestalten.<\/p>\n\n\n\n<p>Die Schule\ndankt Patrick Wirbeleit f\u00fcr den Besuch und ist nun auf kreative Erzeugnisse aus\nden Reihen der Kinder gespannt.<\/p>\n\n\n\n<p>Schacht-Audorf, den 11.03.2019<\/p>\n\n\n\n<p><\/p>\n\n\n\n<p>Aus der Presse:<\/p>\n\n\n\n<figure class=\"wp-block-image\"><a href=\"https:\/\/schule-sad.de\/wp-content\/uploads\/2019\/03\/LZ-13.3.19-WennSprechblasen.png\" target=\"_blank\" rel=\"noreferrer noopener\"><img loading=\"lazy\" decoding=\"async\" width=\"837\" height=\"654\" src=\"https:\/\/schule-sad.de\/wp-content\/uploads\/2019\/03\/LZ-13.3.19-WennSprechblasen.png\" alt=\"\" class=\"wp-image-1182\" srcset=\"https:\/\/schule-sad.de\/wp-content\/uploads\/2019\/03\/LZ-13.3.19-WennSprechblasen.png 837w, https:\/\/schule-sad.de\/wp-content\/uploads\/2019\/03\/LZ-13.3.19-WennSprechblasen-300x234.png 300w, https:\/\/schule-sad.de\/wp-content\/uploads\/2019\/03\/LZ-13.3.19-WennSprechblasen-768x600.png 768w\" sizes=\"auto, (max-width: 837px) 100vw, 837px\" \/><\/a><\/figure>\n","protected":false},"excerpt":{"rendered":"<p>Am 11.03.2019 stattete der Illustrator und Comicautor Patrick Wirbeleit, der bereits mehrfach f\u00fcr seine Comicreihe \u201eKiste\u201c ausgezeichnet wurde, den Dritt- und Viertkl\u00e4sslern der Grund- und Gemeinschaftsschule Schacht-Audorf einen Besuch ab. Gemeinsam f\u00fchrte er mit ihnen einen Workshop zur Gestaltung eines&#8230;<br \/><a class=\"read-more-button\" href=\"https:\/\/schule-sad.de\/?p=1187\">Read more<\/a><\/p>\n","protected":false},"author":2,"featured_media":0,"comment_status":"closed","ping_status":"open","sticky":false,"template":"","format":"standard","meta":{"footnotes":""},"categories":[1],"tags":[],"class_list":["post-1187","post","type-post","status-publish","format-standard","hentry","category-uncategorized"],"_links":{"self":[{"href":"https:\/\/schule-sad.de\/index.php?rest_route=\/wp\/v2\/posts\/1187","targetHints":{"allow":["GET"]}}],"collection":[{"href":"https:\/\/schule-sad.de\/index.php?rest_route=\/wp\/v2\/posts"}],"about":[{"href":"https:\/\/schule-sad.de\/index.php?rest_route=\/wp\/v2\/types\/post"}],"author":[{"embeddable":true,"href":"https:\/\/schule-sad.de\/index.php?rest_route=\/wp\/v2\/users\/2"}],"replies":[{"embeddable":true,"href":"https:\/\/schule-sad.de\/index.php?rest_route=%2Fwp%2Fv2%2Fcomments&post=1187"}],"version-history":[{"count":4,"href":"https:\/\/schule-sad.de\/index.php?rest_route=\/wp\/v2\/posts\/1187\/revisions"}],"predecessor-version":[{"id":1194,"href":"https:\/\/schule-sad.de\/index.php?rest_route=\/wp\/v2\/posts\/1187\/revisions\/1194"}],"wp:attachment":[{"href":"https:\/\/schule-sad.de\/index.php?rest_route=%2Fwp%2Fv2%2Fmedia&parent=1187"}],"wp:term":[{"taxonomy":"category","embeddable":true,"href":"https:\/\/schule-sad.de\/index.php?rest_route=%2Fwp%2Fv2%2Fcategories&post=1187"},{"taxonomy":"post_tag","embeddable":true,"href":"https:\/\/schule-sad.de\/index.php?rest_route=%2Fwp%2Fv2%2Ftags&post=1187"}],"curies":[{"name":"wp","href":"https:\/\/api.w.org\/{rel}","templated":true}]}}