{"id":247,"date":"2016-10-12T14:55:16","date_gmt":"2016-10-12T13:55:16","guid":{"rendered":"http:\/\/neu.schule-sad.de\/?p=247"},"modified":"2016-10-31T15:56:21","modified_gmt":"2016-10-31T14:56:21","slug":"8-raeume-8-baeume","status":"publish","type":"post","link":"https:\/\/schule-sad.de\/?p=247","title":{"rendered":"8 R\u00e4ume = 8 B\u00e4ume"},"content":{"rendered":"<p>Als Dank f\u00fcr die k\u00fcrzlich abgeschlossenen Sanierungsma\u00dfnahmen haben Sch\u00fclerinnen und Sch\u00fcler der 4b auf dem Grundschulspielplatz acht Obstb\u00e4ume gepflanzt, die von unserem F\u00f6rderverein gespendet wurden.<\/p>\n<p><a href=\"http:\/\/neu.schule-sad.de\/wp-content\/uploads\/2016\/10\/LZ-12.10.16-AchtB\u00e4ume.png\" target=\"_blank\" rel=\"attachment wp-att-245\"><img loading=\"lazy\" decoding=\"async\" class=\"alignnone wp-image-245 size-medium\" src=\"http:\/\/neu.schule-sad.de\/wp-content\/uploads\/2016\/10\/LZ-12.10.16-AchtB\u00e4ume-300x227.png\" alt=\"lz-12-10-16-achtbaeume\" width=\"300\" height=\"227\" srcset=\"https:\/\/schule-sad.de\/wp-content\/uploads\/2016\/10\/LZ-12.10.16-AchtB\u00e4ume-300x227.png 300w, https:\/\/schule-sad.de\/wp-content\/uploads\/2016\/10\/LZ-12.10.16-AchtB\u00e4ume-768x581.png 768w, https:\/\/schule-sad.de\/wp-content\/uploads\/2016\/10\/LZ-12.10.16-AchtB\u00e4ume-1024x775.png 1024w, https:\/\/schule-sad.de\/wp-content\/uploads\/2016\/10\/LZ-12.10.16-AchtB\u00e4ume.png 1409w\" sizes=\"auto, (max-width: 300px) 100vw, 300px\" \/><\/a><a href=\"http:\/\/neu.schule-sad.de\/wp-content\/uploads\/2016\/10\/KN-12.10.16-AchtB\u00e4ume.jpg\" target=\"_blank\" rel=\"attachment wp-att-246\"><img loading=\"lazy\" decoding=\"async\" class=\"alignnone wp-image-246 size-medium\" src=\"http:\/\/neu.schule-sad.de\/wp-content\/uploads\/2016\/10\/KN-12.10.16-AchtB\u00e4ume-300x225.jpg\" alt=\"kn-12-10-16-achtbaeume\" width=\"300\" height=\"225\" srcset=\"https:\/\/schule-sad.de\/wp-content\/uploads\/2016\/10\/KN-12.10.16-AchtB\u00e4ume-300x225.jpg 300w, https:\/\/schule-sad.de\/wp-content\/uploads\/2016\/10\/KN-12.10.16-AchtB\u00e4ume.jpg 640w\" sizes=\"auto, (max-width: 300px) 100vw, 300px\" \/><\/a><\/p>\n","protected":false},"excerpt":{"rendered":"<p>Als Dank f\u00fcr die k\u00fcrzlich abgeschlossenen Sanierungsma\u00dfnahmen haben Sch\u00fclerinnen und Sch\u00fcler der 4b auf dem Grundschulspielplatz acht Obstb\u00e4ume gepflanzt, die von unserem F\u00f6rderverein gespendet wurden.<\/p>\n","protected":false},"author":2,"featured_media":0,"comment_status":"closed","ping_status":"open","sticky":false,"template":"","format":"standard","meta":{"footnotes":""},"categories":[1],"tags":[],"class_list":["post-247","post","type-post","status-publish","format-standard","hentry","category-uncategorized"],"_links":{"self":[{"href":"https:\/\/schule-sad.de\/index.php?rest_route=\/wp\/v2\/posts\/247","targetHints":{"allow":["GET"]}}],"collection":[{"href":"https:\/\/schule-sad.de\/index.php?rest_route=\/wp\/v2\/posts"}],"about":[{"href":"https:\/\/schule-sad.de\/index.php?rest_route=\/wp\/v2\/types\/post"}],"author":[{"embeddable":true,"href":"https:\/\/schule-sad.de\/index.php?rest_route=\/wp\/v2\/users\/2"}],"replies":[{"embeddable":true,"href":"https:\/\/schule-sad.de\/index.php?rest_route=%2Fwp%2Fv2%2Fcomments&post=247"}],"version-history":[{"count":4,"href":"https:\/\/schule-sad.de\/index.php?rest_route=\/wp\/v2\/posts\/247\/revisions"}],"predecessor-version":[{"id":418,"href":"https:\/\/schule-sad.de\/index.php?rest_route=\/wp\/v2\/posts\/247\/revisions\/418"}],"wp:attachment":[{"href":"https:\/\/schule-sad.de\/index.php?rest_route=%2Fwp%2Fv2%2Fmedia&parent=247"}],"wp:term":[{"taxonomy":"category","embeddable":true,"href":"https:\/\/schule-sad.de\/index.php?rest_route=%2Fwp%2Fv2%2Fcategories&post=247"},{"taxonomy":"post_tag","embeddable":true,"href":"https:\/\/schule-sad.de\/index.php?rest_route=%2Fwp%2Fv2%2Ftags&post=247"}],"curies":[{"name":"wp","href":"https:\/\/api.w.org\/{rel}","templated":true}]}}