{"id":2881,"date":"2025-04-08T16:34:00","date_gmt":"2025-04-08T15:34:00","guid":{"rendered":"https:\/\/schule-sad.de\/?p=2881"},"modified":"2025-04-09T16:16:26","modified_gmt":"2025-04-09T15:16:26","slug":"valentinsaktion-der-schuelervertretung","status":"publish","type":"post","link":"https:\/\/schule-sad.de\/?p=2881","title":{"rendered":"Valentinsaktion der Sch\u00fclervertretung"},"content":{"rendered":"\n<p>In diesem Jahr hat sich die SV und die Organisatorin der Aktion Pia aus der 9c etwas Besonderes zum Valentinstag \u00fcberlegt. Die Sch\u00fclerinnen und Sch\u00fcler, Lehrkr\u00e4fte und alle Mitarbeiterinnen und Mitarbeiter konnten sich mit Rosen und Botschaften beschenken, die am Valentinstag verteilt wurden. Eine Rose kostete 1\u20ac und eine Rose mit Botschaft kostete 1,20 \u20ac. Die Botschaften wurden liebevoll auf ausgeschnittene Herzen geschrieben und an die Rosen gebunden. Zwei Wochen lang gab es t\u00e4glich in der gro\u00dfen Pause einen Verkaufsstand in der Mensa. Die Aktion wurde von allen Klassenstufen unserer Schule sehr gut angenommen, sodass am Ende \u00fcber 360 bunte Rosen verkauft worden sind.<\/p>\n\n\n\n<figure class=\"wp-block-gallery has-nested-images columns-default is-cropped wp-block-gallery-1 is-layout-flex wp-block-gallery-is-layout-flex\">\n<figure class=\"wp-block-image size-large\"><a href=\"https:\/\/schule-sad.de\/wp-content\/uploads\/2025\/04\/SVValentin1.jpg\" target=\"_blank\" rel=\" noreferrer noopener\"><img loading=\"lazy\" decoding=\"async\" width=\"768\" height=\"1024\" data-id=\"2882\" src=\"https:\/\/schule-sad.de\/wp-content\/uploads\/2025\/04\/SVValentin1-768x1024.jpg\" alt=\"\" class=\"wp-image-2882\" srcset=\"https:\/\/schule-sad.de\/wp-content\/uploads\/2025\/04\/SVValentin1-768x1024.jpg 768w, https:\/\/schule-sad.de\/wp-content\/uploads\/2025\/04\/SVValentin1-225x300.jpg 225w, https:\/\/schule-sad.de\/wp-content\/uploads\/2025\/04\/SVValentin1.jpg 773w\" sizes=\"auto, (max-width: 768px) 100vw, 768px\" \/><\/a><\/figure>\n\n\n\n<figure class=\"wp-block-image size-large\"><a href=\"https:\/\/schule-sad.de\/wp-content\/uploads\/2025\/04\/SVValentin2.jpg\" target=\"_blank\" rel=\" noreferrer noopener\"><img loading=\"lazy\" decoding=\"async\" width=\"767\" height=\"1022\" data-id=\"2883\" src=\"https:\/\/schule-sad.de\/wp-content\/uploads\/2025\/04\/SVValentin2.jpg\" alt=\"\" class=\"wp-image-2883\" srcset=\"https:\/\/schule-sad.de\/wp-content\/uploads\/2025\/04\/SVValentin2.jpg 767w, https:\/\/schule-sad.de\/wp-content\/uploads\/2025\/04\/SVValentin2-225x300.jpg 225w\" sizes=\"auto, (max-width: 767px) 100vw, 767px\" \/><\/a><\/figure>\n<\/figure>\n","protected":false},"excerpt":{"rendered":"<p>In diesem Jahr hat sich die SV und die Organisatorin der Aktion Pia aus der 9c etwas Besonderes zum Valentinstag \u00fcberlegt. Die Sch\u00fclerinnen und Sch\u00fcler, Lehrkr\u00e4fte und alle Mitarbeiterinnen und Mitarbeiter konnten sich mit Rosen und Botschaften beschenken, die am&#8230;<br \/><a class=\"read-more-button\" href=\"https:\/\/schule-sad.de\/?p=2881\">Read more<\/a><\/p>\n","protected":false},"author":2,"featured_media":0,"comment_status":"closed","ping_status":"open","sticky":false,"template":"","format":"standard","meta":{"footnotes":""},"categories":[1],"tags":[],"class_list":["post-2881","post","type-post","status-publish","format-standard","hentry","category-uncategorized"],"_links":{"self":[{"href":"https:\/\/schule-sad.de\/index.php?rest_route=\/wp\/v2\/posts\/2881","targetHints":{"allow":["GET"]}}],"collection":[{"href":"https:\/\/schule-sad.de\/index.php?rest_route=\/wp\/v2\/posts"}],"about":[{"href":"https:\/\/schule-sad.de\/index.php?rest_route=\/wp\/v2\/types\/post"}],"author":[{"embeddable":true,"href":"https:\/\/schule-sad.de\/index.php?rest_route=\/wp\/v2\/users\/2"}],"replies":[{"embeddable":true,"href":"https:\/\/schule-sad.de\/index.php?rest_route=%2Fwp%2Fv2%2Fcomments&post=2881"}],"version-history":[{"count":3,"href":"https:\/\/schule-sad.de\/index.php?rest_route=\/wp\/v2\/posts\/2881\/revisions"}],"predecessor-version":[{"id":2888,"href":"https:\/\/schule-sad.de\/index.php?rest_route=\/wp\/v2\/posts\/2881\/revisions\/2888"}],"wp:attachment":[{"href":"https:\/\/schule-sad.de\/index.php?rest_route=%2Fwp%2Fv2%2Fmedia&parent=2881"}],"wp:term":[{"taxonomy":"category","embeddable":true,"href":"https:\/\/schule-sad.de\/index.php?rest_route=%2Fwp%2Fv2%2Fcategories&post=2881"},{"taxonomy":"post_tag","embeddable":true,"href":"https:\/\/schule-sad.de\/index.php?rest_route=%2Fwp%2Fv2%2Ftags&post=2881"}],"curies":[{"name":"wp","href":"https:\/\/api.w.org\/{rel}","templated":true}]}}