{"id":2922,"date":"2025-06-05T22:36:50","date_gmt":"2025-06-05T21:36:50","guid":{"rendered":"https:\/\/schule-sad.de\/?p=2922"},"modified":"2025-06-05T22:38:49","modified_gmt":"2025-06-05T21:38:49","slug":"leichtathletik-kreismeisterschaften-der-grundschulen","status":"publish","type":"post","link":"https:\/\/schule-sad.de\/?p=2922","title":{"rendered":"Leichtathletik Kreismeisterschaften der Grundschulen"},"content":{"rendered":"\n<p>Im Juni haben wir bei bestem Sonnenschein an den Leichtathletik-Kreismeisterschaften im B\u00fcdelsdorfer Eiderstadion teilgenommen. Nach einem \u201eCasting\u201c und anschlie\u00dfendem Training auf unserem Schulsportplatz hat sich eine Auswahl von sechs M\u00e4dchen und sechs Jungen herauskristallisiert, die unsere Schule bei diesem Mannschaftswettkampf vertreten. Hierbei wurden die Disziplinen 40-m- Pendelstaffel, Zonenweitsprung, Medizinballsto\u00df, Schlagball-Weitwurf und Ausdauerlauf als Teamwettkampf bepunktet. Unsere Mannschaft hat sich hervorragend geschlagen, sodass am Ende ein toller dritter Platz von sechzehn teilnehmenden Schulen erreicht werden konnte. Bei jedem Wettkampf wurden unsere Sch\u00fclerinnen und Sch\u00fcler lautstark von den Eltern unterst\u00fctzt. Durch diese Platzierung fahren wir zu den Landesmeisterschaften nach L\u00fcbeck.<\/p>\n\n\n\n<figure class=\"wp-block-gallery has-nested-images columns-default is-cropped wp-block-gallery-1 is-layout-flex wp-block-gallery-is-layout-flex\">\n<figure class=\"wp-block-image size-large\"><a href=\"https:\/\/schule-sad.de\/wp-content\/uploads\/2025\/06\/Bild1.jpg\" target=\"_blank\" rel=\" noreferrer noopener\"><img loading=\"lazy\" decoding=\"async\" width=\"1024\" height=\"723\" data-id=\"2927\" src=\"https:\/\/schule-sad.de\/wp-content\/uploads\/2025\/06\/Bild1-1024x723.jpg\" alt=\"\" class=\"wp-image-2927\" srcset=\"https:\/\/schule-sad.de\/wp-content\/uploads\/2025\/06\/Bild1-1024x723.jpg 1024w, https:\/\/schule-sad.de\/wp-content\/uploads\/2025\/06\/Bild1-300x212.jpg 300w, https:\/\/schule-sad.de\/wp-content\/uploads\/2025\/06\/Bild1-768x542.jpg 768w, https:\/\/schule-sad.de\/wp-content\/uploads\/2025\/06\/Bild1-1170x826.jpg 1170w, https:\/\/schule-sad.de\/wp-content\/uploads\/2025\/06\/Bild1.jpg 1386w\" sizes=\"auto, (max-width: 1024px) 100vw, 1024px\" \/><\/a><\/figure>\n\n\n\n<figure class=\"wp-block-image size-large is-style-default\"><a href=\"https:\/\/schule-sad.de\/wp-content\/uploads\/2025\/06\/Bild3.jpg\" target=\"_blank\" rel=\" noreferrer noopener\"><img loading=\"lazy\" decoding=\"async\" width=\"768\" height=\"1024\" data-id=\"2929\" src=\"https:\/\/schule-sad.de\/wp-content\/uploads\/2025\/06\/Bild3-768x1024.jpg\" alt=\"\" class=\"wp-image-2929\" srcset=\"https:\/\/schule-sad.de\/wp-content\/uploads\/2025\/06\/Bild3-768x1024.jpg 768w, https:\/\/schule-sad.de\/wp-content\/uploads\/2025\/06\/Bild3-225x300.jpg 225w, https:\/\/schule-sad.de\/wp-content\/uploads\/2025\/06\/Bild3.jpg 1040w\" sizes=\"auto, (max-width: 768px) 100vw, 768px\" \/><\/a><\/figure>\n\n\n\n<figure class=\"wp-block-image size-large\"><a href=\"https:\/\/schule-sad.de\/wp-content\/uploads\/2025\/06\/Bild5.jpg\" target=\"_blank\" rel=\" noreferrer noopener\"><img loading=\"lazy\" decoding=\"async\" width=\"1024\" height=\"768\" data-id=\"2928\" src=\"https:\/\/schule-sad.de\/wp-content\/uploads\/2025\/06\/Bild5-1024x768.jpg\" alt=\"\" class=\"wp-image-2928\" srcset=\"https:\/\/schule-sad.de\/wp-content\/uploads\/2025\/06\/Bild5-1024x768.jpg 1024w, https:\/\/schule-sad.de\/wp-content\/uploads\/2025\/06\/Bild5-300x225.jpg 300w, https:\/\/schule-sad.de\/wp-content\/uploads\/2025\/06\/Bild5-768x576.jpg 768w, https:\/\/schule-sad.de\/wp-content\/uploads\/2025\/06\/Bild5-1170x877.jpg 1170w, https:\/\/schule-sad.de\/wp-content\/uploads\/2025\/06\/Bild5.jpg 1386w\" sizes=\"auto, (max-width: 1024px) 100vw, 1024px\" \/><\/a><\/figure>\n\n\n\n<figure class=\"wp-block-image size-large\"><a href=\"https:\/\/schule-sad.de\/wp-content\/uploads\/2025\/06\/Bild6.jpg\" target=\"_blank\" rel=\" noreferrer noopener\"><img loading=\"lazy\" decoding=\"async\" width=\"768\" height=\"1024\" data-id=\"2926\" src=\"https:\/\/schule-sad.de\/wp-content\/uploads\/2025\/06\/Bild6-768x1024.jpg\" alt=\"\" class=\"wp-image-2926\" srcset=\"https:\/\/schule-sad.de\/wp-content\/uploads\/2025\/06\/Bild6-768x1024.jpg 768w, https:\/\/schule-sad.de\/wp-content\/uploads\/2025\/06\/Bild6-225x300.jpg 225w, https:\/\/schule-sad.de\/wp-content\/uploads\/2025\/06\/Bild6.jpg 903w\" sizes=\"auto, (max-width: 768px) 100vw, 768px\" \/><\/a><\/figure>\n\n\n\n<figure class=\"wp-block-image size-large\"><a href=\"https:\/\/schule-sad.de\/wp-content\/uploads\/2025\/06\/Bild7.jpg\" target=\"_blank\" rel=\" noreferrer noopener\"><img loading=\"lazy\" decoding=\"async\" width=\"768\" height=\"1024\" data-id=\"2925\" src=\"https:\/\/schule-sad.de\/wp-content\/uploads\/2025\/06\/Bild7-768x1024.jpg\" alt=\"\" class=\"wp-image-2925\" srcset=\"https:\/\/schule-sad.de\/wp-content\/uploads\/2025\/06\/Bild7-768x1024.jpg 768w, https:\/\/schule-sad.de\/wp-content\/uploads\/2025\/06\/Bild7-225x300.jpg 225w, https:\/\/schule-sad.de\/wp-content\/uploads\/2025\/06\/Bild7.jpg 862w\" sizes=\"auto, (max-width: 768px) 100vw, 768px\" \/><\/a><\/figure>\n<\/figure>\n","protected":false},"excerpt":{"rendered":"<p>Im Juni haben wir bei bestem Sonnenschein an den Leichtathletik-Kreismeisterschaften im B\u00fcdelsdorfer Eiderstadion teilgenommen. Nach einem \u201eCasting\u201c und anschlie\u00dfendem Training auf unserem Schulsportplatz hat sich eine Auswahl von sechs M\u00e4dchen und sechs Jungen herauskristallisiert, die unsere Schule bei diesem Mannschaftswettkampf&#8230;<br \/><a class=\"read-more-button\" href=\"https:\/\/schule-sad.de\/?p=2922\">Read more<\/a><\/p>\n","protected":false},"author":2,"featured_media":0,"comment_status":"closed","ping_status":"open","sticky":false,"template":"","format":"standard","meta":{"footnotes":""},"categories":[1],"tags":[],"class_list":["post-2922","post","type-post","status-publish","format-standard","hentry","category-uncategorized"],"_links":{"self":[{"href":"https:\/\/schule-sad.de\/index.php?rest_route=\/wp\/v2\/posts\/2922","targetHints":{"allow":["GET"]}}],"collection":[{"href":"https:\/\/schule-sad.de\/index.php?rest_route=\/wp\/v2\/posts"}],"about":[{"href":"https:\/\/schule-sad.de\/index.php?rest_route=\/wp\/v2\/types\/post"}],"author":[{"embeddable":true,"href":"https:\/\/schule-sad.de\/index.php?rest_route=\/wp\/v2\/users\/2"}],"replies":[{"embeddable":true,"href":"https:\/\/schule-sad.de\/index.php?rest_route=%2Fwp%2Fv2%2Fcomments&post=2922"}],"version-history":[{"count":3,"href":"https:\/\/schule-sad.de\/index.php?rest_route=\/wp\/v2\/posts\/2922\/revisions"}],"predecessor-version":[{"id":2930,"href":"https:\/\/schule-sad.de\/index.php?rest_route=\/wp\/v2\/posts\/2922\/revisions\/2930"}],"wp:attachment":[{"href":"https:\/\/schule-sad.de\/index.php?rest_route=%2Fwp%2Fv2%2Fmedia&parent=2922"}],"wp:term":[{"taxonomy":"category","embeddable":true,"href":"https:\/\/schule-sad.de\/index.php?rest_route=%2Fwp%2Fv2%2Fcategories&post=2922"},{"taxonomy":"post_tag","embeddable":true,"href":"https:\/\/schule-sad.de\/index.php?rest_route=%2Fwp%2Fv2%2Ftags&post=2922"}],"curies":[{"name":"wp","href":"https:\/\/api.w.org\/{rel}","templated":true}]}}