{"id":3108,"date":"2025-12-16T11:58:00","date_gmt":"2025-12-16T10:58:00","guid":{"rendered":"https:\/\/schule-sad.de\/?p=3108"},"modified":"2026-01-05T12:13:20","modified_gmt":"2026-01-05T11:13:20","slug":"spendenaktion-taler-fuer-den-nikolaus-in-schacht-audorf","status":"publish","type":"post","link":"https:\/\/schule-sad.de\/?p=3108","title":{"rendered":"Spendenaktion Taler f\u00fcr den Nikolaus in Schacht-Audorf"},"content":{"rendered":"\n<p>In diesem Jahr hat sich die Sch\u00fclervertretung der Grund- und Gemeinschaftsschule Schacht-Audorf in der Adventszeit etwas ganz Besonderes \u00fcberlegt, um Gutes zu tun. Unter dem Motto \u201eTaler f\u00fcr den Nikolaus in Schacht-Audorf\u201c wurden \u00fcber 100 Unternehmen im Raum Rendsburg kontaktiert und um Unterst\u00fctzung f\u00fcr die Aktion gebeten. Dank der gro\u00dfz\u00fcgigen Spenden konnten insgesamt 800 Schokoladennikol\u00e4use gekauft werden. Diese wurden am Nikolaustag vom \u201eNikolaus\u201c und seinen flei\u00dfigen Wichteln an alle Sch\u00fcler verteilt. Auch alle Mitarbeiter der Schule erhielten einen Nikolaus \u2013 es wurde niemand vergessen. Parallel dazu erhielt jede Klasse eine liebevoll gestaltete Spendenbox, in die eine Woche lang Taler eingeworfen werden konnten. Die Klassenlehrkr\u00e4fte nahmen die Boxen zu jeder Unterrichtsstunde mit, sodass alle die M\u00f6glichkeit hatten, sich an der Aktion zu beteiligen. Nachdem die Kosten f\u00fcr die Nikol\u00e4use gedeckt waren, konnte eine Spende in H\u00f6he von 3.068,53 \u20ac an \u201eMein Anker \u2013 Kinder- und Jugendhospizdienst Rendsburg\u201c \u00fcbergeben werden. Bei einem pers\u00f6nlichen Austausch mit den Mitarbeitern erfuhren wir mehr \u00fcber ihre wichtige Arbeit. Die Organisation begleitet vor allem Familien, in denen Kinder oder deren Angeh\u00f6rige lebensbedrohlich erkrankt sind und schenkt ihnen Zeit, Unterst\u00fctzung und Freude.<\/p>\n\n\n\n<p>Besonders sch\u00f6n an der Spendenaktion war, dass sich die Sch\u00fclerschaft intensiv mit dem Spendenziel identifizieren konnte. So wurden in der Grundschule Plakate gestaltet und kurze Vortr\u00e4ge zum Thema Hospizarbeit gehalten. Die Sch\u00fclervertretung der Grund- und Gemeinschaftsschule Schacht-Audorf bedankt sich herzlich bei allen Unternehmen sowie bei allen Spenderinnen und Spendern f\u00fcr die gro\u00dfartige Unterst\u00fctzung. Wir freuen uns schon darauf, diese besondere Aktion in zwei Jahren erneut durchf\u00fchren zu k\u00f6nnen.<\/p>\n\n\n\n<figure class=\"wp-block-gallery has-nested-images columns-default is-cropped wp-block-gallery-1 is-layout-flex wp-block-gallery-is-layout-flex\">\n<figure class=\"wp-block-image size-large\"><a href=\"https:\/\/schule-sad.de\/wp-content\/uploads\/2025\/12\/Nikolaeuse-scaled.jpg\" target=\"_blank\" rel=\" noreferrer noopener\"><img loading=\"lazy\" decoding=\"async\" width=\"768\" height=\"1024\" data-id=\"3120\" src=\"https:\/\/schule-sad.de\/wp-content\/uploads\/2025\/12\/Nikolaeuse-768x1024.jpg\" alt=\"\" class=\"wp-image-3120\" srcset=\"https:\/\/schule-sad.de\/wp-content\/uploads\/2025\/12\/Nikolaeuse-768x1024.jpg 768w, https:\/\/schule-sad.de\/wp-content\/uploads\/2025\/12\/Nikolaeuse-225x300.jpg 225w, https:\/\/schule-sad.de\/wp-content\/uploads\/2025\/12\/Nikolaeuse-1152x1536.jpg 1152w, https:\/\/schule-sad.de\/wp-content\/uploads\/2025\/12\/Nikolaeuse-1536x2048.jpg 1536w, https:\/\/schule-sad.de\/wp-content\/uploads\/2025\/12\/Nikolaeuse-1170x1560.jpg 1170w, https:\/\/schule-sad.de\/wp-content\/uploads\/2025\/12\/Nikolaeuse-scaled.jpg 1920w\" sizes=\"auto, (max-width: 768px) 100vw, 768px\" \/><\/a><\/figure>\n\n\n\n<figure class=\"wp-block-image size-large\"><a href=\"https:\/\/schule-sad.de\/wp-content\/uploads\/2025\/12\/Spendenboxen-scaled.jpg\" target=\"_blank\" rel=\" noreferrer noopener\"><img loading=\"lazy\" decoding=\"async\" width=\"768\" height=\"1024\" data-id=\"3121\" src=\"https:\/\/schule-sad.de\/wp-content\/uploads\/2025\/12\/Spendenboxen-768x1024.jpg\" alt=\"\" class=\"wp-image-3121\" srcset=\"https:\/\/schule-sad.de\/wp-content\/uploads\/2025\/12\/Spendenboxen-768x1024.jpg 768w, https:\/\/schule-sad.de\/wp-content\/uploads\/2025\/12\/Spendenboxen-225x300.jpg 225w, https:\/\/schule-sad.de\/wp-content\/uploads\/2025\/12\/Spendenboxen-1152x1536.jpg 1152w, https:\/\/schule-sad.de\/wp-content\/uploads\/2025\/12\/Spendenboxen-1536x2048.jpg 1536w, https:\/\/schule-sad.de\/wp-content\/uploads\/2025\/12\/Spendenboxen-1170x1560.jpg 1170w, https:\/\/schule-sad.de\/wp-content\/uploads\/2025\/12\/Spendenboxen-scaled.jpg 1920w\" sizes=\"auto, (max-width: 768px) 100vw, 768px\" \/><\/a><\/figure>\n\n\n\n<figure class=\"wp-block-image size-large\"><a href=\"https:\/\/schule-sad.de\/wp-content\/uploads\/2025\/12\/Verteilen-scaled.jpg\" target=\"_blank\" rel=\" noreferrer noopener\"><img loading=\"lazy\" decoding=\"async\" width=\"768\" height=\"1024\" data-id=\"3123\" src=\"https:\/\/schule-sad.de\/wp-content\/uploads\/2025\/12\/Verteilen-768x1024.jpg\" alt=\"\" class=\"wp-image-3123\" srcset=\"https:\/\/schule-sad.de\/wp-content\/uploads\/2025\/12\/Verteilen-768x1024.jpg 768w, https:\/\/schule-sad.de\/wp-content\/uploads\/2025\/12\/Verteilen-225x300.jpg 225w, https:\/\/schule-sad.de\/wp-content\/uploads\/2025\/12\/Verteilen-1152x1536.jpg 1152w, https:\/\/schule-sad.de\/wp-content\/uploads\/2025\/12\/Verteilen-1536x2048.jpg 1536w, https:\/\/schule-sad.de\/wp-content\/uploads\/2025\/12\/Verteilen-1170x1560.jpg 1170w, https:\/\/schule-sad.de\/wp-content\/uploads\/2025\/12\/Verteilen-scaled.jpg 1920w\" sizes=\"auto, (max-width: 768px) 100vw, 768px\" \/><\/a><\/figure>\n\n\n\n<figure class=\"wp-block-image size-large\"><a href=\"https:\/\/schule-sad.de\/wp-content\/uploads\/2025\/12\/Uebergabe-scaled.jpg\" target=\"_blank\" rel=\" noreferrer noopener\"><img loading=\"lazy\" decoding=\"async\" width=\"768\" height=\"1024\" data-id=\"3122\" src=\"https:\/\/schule-sad.de\/wp-content\/uploads\/2025\/12\/Uebergabe-768x1024.jpg\" alt=\"\" class=\"wp-image-3122\" srcset=\"https:\/\/schule-sad.de\/wp-content\/uploads\/2025\/12\/Uebergabe-768x1024.jpg 768w, https:\/\/schule-sad.de\/wp-content\/uploads\/2025\/12\/Uebergabe-225x300.jpg 225w, https:\/\/schule-sad.de\/wp-content\/uploads\/2025\/12\/Uebergabe-1152x1536.jpg 1152w, https:\/\/schule-sad.de\/wp-content\/uploads\/2025\/12\/Uebergabe-1536x2048.jpg 1536w, https:\/\/schule-sad.de\/wp-content\/uploads\/2025\/12\/Uebergabe-1170x1560.jpg 1170w, https:\/\/schule-sad.de\/wp-content\/uploads\/2025\/12\/Uebergabe-scaled.jpg 1920w\" sizes=\"auto, (max-width: 768px) 100vw, 768px\" \/><\/a><\/figure>\n<\/figure>\n","protected":false},"excerpt":{"rendered":"<p>In diesem Jahr hat sich die Sch\u00fclervertretung der Grund- und Gemeinschaftsschule Schacht-Audorf in der Adventszeit etwas ganz Besonderes \u00fcberlegt, um Gutes zu tun. Unter dem Motto \u201eTaler f\u00fcr den Nikolaus in Schacht-Audorf\u201c wurden \u00fcber 100 Unternehmen im Raum Rendsburg kontaktiert&#8230;<br \/><a class=\"read-more-button\" href=\"https:\/\/schule-sad.de\/?p=3108\">Read more<\/a><\/p>\n","protected":false},"author":2,"featured_media":0,"comment_status":"closed","ping_status":"open","sticky":false,"template":"","format":"standard","meta":{"footnotes":""},"categories":[1],"tags":[],"class_list":["post-3108","post","type-post","status-publish","format-standard","hentry","category-uncategorized"],"_links":{"self":[{"href":"https:\/\/schule-sad.de\/index.php?rest_route=\/wp\/v2\/posts\/3108","targetHints":{"allow":["GET"]}}],"collection":[{"href":"https:\/\/schule-sad.de\/index.php?rest_route=\/wp\/v2\/posts"}],"about":[{"href":"https:\/\/schule-sad.de\/index.php?rest_route=\/wp\/v2\/types\/post"}],"author":[{"embeddable":true,"href":"https:\/\/schule-sad.de\/index.php?rest_route=\/wp\/v2\/users\/2"}],"replies":[{"embeddable":true,"href":"https:\/\/schule-sad.de\/index.php?rest_route=%2Fwp%2Fv2%2Fcomments&post=3108"}],"version-history":[{"count":6,"href":"https:\/\/schule-sad.de\/index.php?rest_route=\/wp\/v2\/posts\/3108\/revisions"}],"predecessor-version":[{"id":3128,"href":"https:\/\/schule-sad.de\/index.php?rest_route=\/wp\/v2\/posts\/3108\/revisions\/3128"}],"wp:attachment":[{"href":"https:\/\/schule-sad.de\/index.php?rest_route=%2Fwp%2Fv2%2Fmedia&parent=3108"}],"wp:term":[{"taxonomy":"category","embeddable":true,"href":"https:\/\/schule-sad.de\/index.php?rest_route=%2Fwp%2Fv2%2Fcategories&post=3108"},{"taxonomy":"post_tag","embeddable":true,"href":"https:\/\/schule-sad.de\/index.php?rest_route=%2Fwp%2Fv2%2Ftags&post=3108"}],"curies":[{"name":"wp","href":"https:\/\/api.w.org\/{rel}","templated":true}]}}